{"id":2454,"date":"2025-12-09T13:27:27","date_gmt":"2025-12-09T16:27:27","guid":{"rendered":"https:\/\/www.revistaportfolio.com\/?p=2454"},"modified":"2025-12-09T13:27:27","modified_gmt":"2025-12-09T16:27:27","slug":"revista-134","status":"publish","type":"post","link":"https:\/\/www.revistaportfolio.com\/?p=2454","title":{"rendered":"Revista 134"},"content":{"rendered":"\n<p>VER REVISTA ONLINE\u00a0<a href=\"https:\/\/www.revistaportfolio.com\/?p=2453\">AQUI<\/a><\/p>\n\n\n\n<p>2. Nota de tapa<\/p>\n\n\n\n<p>Paradigma de estabilidad conduce a estancamiento. La estabilidad macroecon\u00f3mica y pol\u00edtica de Uruguay es loable, pero esa estabilidad se logra con aumento del endeudamiento para financiar un elevado d\u00e9ficit fiscal que retrae recursos para la inversi\u00f3n privada. La deuda est\u00e1 en un l\u00edmite cr\u00edtico en que los intereses que se pagan superan las perspectivas de crecimiento potencial y real. Juan Carlos Protasi<\/p>\n\n\n\n<p>Entrevista Central: La industria uruguaya tendr\u00e1 un crecimiento nulo en 2026, de acuerdo a proyecciones de la C\u00e1mara de Industrias del Uruguay (CIU), dijo a Portfolio el asesor econ\u00f3mico de la gremial, Sebasti\u00e1n P\u00e9rez, Por Fabian Villella<\/p>\n\n\n\n<p>8. Econom\u00eda y Pol\u00edtica<\/p>\n\n\n\n<p>Perspectivas del Crecimiento Econ\u00f3mico en Estados Unidos, El Impacto de la Inteligencia Artificial y la econom\u00eda Argentina. Entrevista a Alberto Bernal<\/p>\n\n\n\n<p>China entra en su tercer a\u00f1o consecutivo de deflaci\u00f3n en 2025, el m\u00e1s largo desde los a\u00f1os 60. \u00bfSer\u00e1 similar a lo que le pas\u00f3 a Jap\u00f3n?<\/p>\n\n\n\n<p>Crecimiento econ\u00f3mico y tama\u00f1o del Estado \u2013 El caso de Italia. Carlo Graziani<\/p>\n\n\n\n<p>Uruguay fue aceptado para negociar su incorporacion al CTPP \u00bfque beneficios le traera?<\/p>\n\n\n\n<p>Volvi\u00f3 la carne. Se abre un tiempo promisorio para la prote\u00edna animal y la carne vacuna en particular, con una demanda a nivel de los sectores pudientes y altamente educados del mundo, reorientando su preferencia hacia este alimento de alt\u00edsima calidad. Buenas noticias para nuestro pa\u00eds reconocido internacionalmente por su ganader\u00eda de alta gama, con gen\u00e9tica de punta, buenas pr\u00e1cticas y cuidado ambiental. Luis Romero<\/p>\n\n\n\n<p>Sucedi\u00f3 en pol\u00edtica: Principales hechos que pautaron el bimestre Octubre-Noviembre 2025.<\/p>\n\n\n\n<p>Sucedi\u00f3 en la econom\u00eda: Principales hechos que suce- dieron en el bimestre Octubre-Noviembre 2025.<\/p>\n\n\n\n<p>24. Finanzas personales<\/p>\n\n\n\n<p>Mercados internacionales: Prev\u00e9n S&amp;P 500 en 7.800 puntos para 2026<\/p>\n\n\n\n<p>Bitcoin se recupera, \u00bfqu\u00e9 hay detr\u00e1s?. Bitcoin (BTC) est\u00e1 fuertemente correlacionado con la liquidez global y las pol\u00edticas monetarias de la Fed. Hist\u00f3ricamente, las bajas de tasas de inter\u00e9s impulsan su valor al inyectar liquidez en el sistema financiero. La perspectiva de nuevas bajas de la tasa de inter\u00e9s por la Fed en 2026, podr\u00edan ayudar a nuevas subas.<\/p>\n\n\n\n<p>30. Inversiones alternativas<\/p>\n\n\n\n<p>Inversi\u00f3n Inmobiliaria: Valor del m2 cuadrado y transacciones inmobiliarias aumentan moderadamente<\/p>\n\n\n\n<p>Punta del Este: Punta del Este se consolida como balneario de vivienda permanente. Entrevista a Juan Sader, director de Sader Inmobiliaria<\/p>\n\n\n\n<p>Buenos Aires: Precios de inmuebles y transacciones se recuperan<\/p>\n\n\n\n<p>Emoci\u00f3n Inmobiliaria: La adquisici\u00f3n de la vivienda es un acto impulsado por la seguridad, estatus, anidamiento que se origina en la intuici\u00f3n, la raz\u00f3n se activar\u00e1 posteriormente, no para tomar la decisi\u00f3n, sino para justificarla. Mayid Sader<\/p>\n\n\n\n<p>38. Agenda Privada<\/p>\n\n\n\n<p>Entorno empresarial: Nueva encuesta de la consultora \u201cExante\u201d se\u00f1ala \u201cdeterioro en la percepci\u00f3n del entorno de negocios, pero sin grandes cambios en el desempe\u00f1o de las propias empresas\u201d. Se indica que \u201ccasi un cuarto de los consultados entiende que es peor que un a\u00f1o atr\u00e1s y solo el 11% aguarda que mejore en los pr\u00f3ximos doce meses. Ricardo Villarmarzo<\/p>\n\n\n\n<p>Un poco de historia: tras numerosos conflictos se constituye un estado independiente con la actual denominaci\u00f3n de Rep\u00fablica Oriental del Uruguay. Juan Carlos Gomez de Castro<\/p>\n\n\n\n<p>Caza de brujas\u2026..marcaria Cecilia Vallejo <\/p>\n\n\n\n<p>Argentina: los j\u00f3venes dijeron vamos por el cambio a recuperar nuestra libertad, y fue la clave del \u00e9xito de Milei. Entrevista a Mart\u00edn Krause.<\/p>\n\n\n\n<p>VER REVISTA ONLINE\u00a0<a href=\"https:\/\/www.revistaportfolio.com\/?p=2453\">AQUI<\/a><\/p>\n","protected":false},"excerpt":{"rendered":"<p>VER REVISTA ONLINE\u00a0AQUI 2. Nota de tapa Paradigma de estabilidad conduce a estancamiento. La estabilidad macroecon\u00f3mica y pol\u00edtica de Uruguay es loable, pero esa estabilidad se logra con aumento del endeudamiento para financiar un elevado d\u00e9ficit fiscal que retrae recursos para la inversi\u00f3n privada. La deuda est\u00e1 en un l\u00edmite cr\u00edtico en que los intereses [&hellip;]<\/p>\n","protected":false},"author":10,"featured_media":2451,"comment_status":"closed","ping_status":"open","sticky":false,"template":"","format":"standard","meta":[],"categories":[10],"tags":[],"_links":{"self":[{"href":"https:\/\/www.revistaportfolio.com\/index.php?rest_route=\/wp\/v2\/posts\/2454"}],"collection":[{"href":"https:\/\/www.revistaportfolio.com\/index.php?rest_route=\/wp\/v2\/posts"}],"about":[{"href":"https:\/\/www.revistaportfolio.com\/index.php?rest_route=\/wp\/v2\/types\/post"}],"author":[{"embeddable":true,"href":"https:\/\/www.revistaportfolio.com\/index.php?rest_route=\/wp\/v2\/users\/10"}],"replies":[{"embeddable":true,"href":"https:\/\/www.revistaportfolio.com\/index.php?rest_route=%2Fwp%2Fv2%2Fcomments&post=2454"}],"version-history":[{"count":1,"href":"https:\/\/www.revistaportfolio.com\/index.php?rest_route=\/wp\/v2\/posts\/2454\/revisions"}],"predecessor-version":[{"id":2456,"href":"https:\/\/www.revistaportfolio.com\/index.php?rest_route=\/wp\/v2\/posts\/2454\/revisions\/2456"}],"wp:featuredmedia":[{"embeddable":true,"href":"https:\/\/www.revistaportfolio.com\/index.php?rest_route=\/wp\/v2\/media\/2451"}],"wp:attachment":[{"href":"https:\/\/www.revistaportfolio.com\/index.php?rest_route=%2Fwp%2Fv2%2Fmedia&parent=2454"}],"wp:term":[{"taxonomy":"category","embeddable":true,"href":"https:\/\/www.revistaportfolio.com\/index.php?rest_route=%2Fwp%2Fv2%2Fcategories&post=2454"},{"taxonomy":"post_tag","embeddable":true,"href":"https:\/\/www.revistaportfolio.com\/index.php?rest_route=%2Fwp%2Fv2%2Ftags&post=2454"}],"curies":[{"name":"wp","href":"https:\/\/api.w.org\/{rel}","templated":true}]}}