{"id":2411,"date":"2024-11-14T10:19:29","date_gmt":"2024-11-14T13:19:29","guid":{"rendered":"https:\/\/www.revistaportfolio.com\/?p=2411"},"modified":"2024-11-14T10:19:29","modified_gmt":"2024-11-14T13:19:29","slug":"revista-127","status":"publish","type":"post","link":"https:\/\/www.revistaportfolio.com\/?p=2411","title":{"rendered":"Revista 127"},"content":{"rendered":"\n<p>VER REVISTA ONLINE\u00a0<a href=\"https:\/\/www.revistaportfolio.com\/?p=2410\">AQUI<\/a><\/p>\n\n\n\n<p>2. Nota de tapa<\/p>\n\n\n\n<p>Bajar impuestos y gastos tributarios a la vez. En un mercado libre en el que el capital es globalmente m\u00f3vil, las \u201ccorporaciones ricas\u201d no pagan impuestos, sino que son los trabajadores y la sociedad en general ya que una menor recaudaci\u00f3n implica mayor endeudamiento del pa\u00eds. Reducir el gasto tributario y simult\u00e1neamente la tasa impositiva es la soluci\u00f3n m\u00e1s inteligente Juan Carlos Protasi<\/p>\n\n\n\n<p>5. Entrevista Central<\/p>\n\n\n\n<p>\u201cUna campa\u00f1a a la sombra de los pr\u00f3ceres y con re- cambio en los liderazgos\u201d. Entrevista al analista pol\u00edtico Nelson Fernandez. Por Victoria Mujica<\/p>\n\n\n\n<p>7. Econom\u00eda y Pol\u00edtica<\/p>\n\n\n\n<p>Depender\u00e1 de la geopol\u00edtica: La Reserva Federal inici\u00f3 un ciclo de bajadas de tasas con una agresiva reducci\u00f3n de medio punto al rango de 4.75%-5.00%. Esto junto al impulso del gobierno de China a su econom\u00eda y recupe- raci\u00f3n de los precios de commodities es el principio de un viento de cola para Uruguay y los pa\u00edses emergentes<\/p>\n\n\n\n<p>Argentina: Milei en busca del apoyo legislativo en 2025. La econom\u00eda argentina va por un buen camino, el \u00e9xito en materia de lucha contra la inflaci\u00f3n ser\u00e1 la clave para ganar esa elecci\u00f3n y por eso su obsesi\u00f3n de mantener el equilibrio macroecon\u00f3mico.<\/p>\n\n\n\n<p>\u201cEl desaf\u00edo de la ciberseguridad vino para quedarse\u201d Entrevista Presidente del BROU, Ec Salvador Ferrer<\/p>\n\n\n\n<p>Sucedi\u00f3 en pol\u00edtica: Principales hechos que pautaron el bimestre Agosto Setiembre 2024.<\/p>\n\n\n\n<p>Sucedi\u00f3 en la econom\u00eda: Principales hechos que suce- dieron en el bimestre Agosto Setiembre 2024.<\/p>\n\n\n\n<p>21. Mercados financieros<\/p>\n\n\n\n<p>Mercados internacionales: Mercados accionarios de EEUU concluyeron en septiembre su quinto mes con- secutivo de ganancias<\/p>\n\n\n\n<p>23. Finanzas personales<\/p>\n\n\n\n<p>Inversiones en la mira: Triunfo de Trump o Harris mar- car\u00e1 qu\u00e9 acciones a comprar en EEUU. Fabi\u00e1n Villella<\/p>\n\n\n\n<p>La Unidad Indexada: El costo de la insensatez pol\u00edtica. Mayid S\u00e1der Neffa<\/p>\n\n\n\n<p>La fortuna de los criptomillonarios y los pa\u00edses que atraen su riqueza en 2024<\/p>\n\n\n\n<p>Estacionalidad: la \u00fanica forma de pronosticar. Lamen- tablemente, o por suerte, mirado en perspectiva, los mercados financieros no se pueden predecir con un nivel de certeza tal que se pueda obtener beneficios econ\u00f3micos en forma consistente. Si se pudiera pre- decir, no habr\u00eda un mercado financiero. \u00a1Qu\u00e9 mundo aburrido que ser\u00eda! Pablo Fuchsberger<\/p>\n\n\n\n<p>35. Inversiones alternativas<\/p>\n\n\n\n<p>Inmobiliario: Mercado inmobiliario se mueve lentamen- te con perspectivas de mejorar.<\/p>\n\n\n\n<p>Argentina: Luego de 6 a\u00f1os se reactiva el mercado inmobiliario La reciente reglamentaci\u00f3n del blanqueo de capitales ha comenzado a transformar significa- tivamente el panorama del mercado inmobiliario en Argentina y en general, el sector se mantiene optimista de cara al futuro.<\/p>\n\n\n\n<p>40. Agenda Privada<\/p>\n\n\n\n<p>La empresa m\u00e1s importante: El Pa\u00eds. Ricardo Villarmarzo<\/p>\n\n\n\n<p>Elecciones en EE.UU: Seg\u00fan Allan Lichtman, Harris ganar\u00eda la elecci\u00f3n, salvo que \u00e9sta cometa gruesos errores en lo que resta de la Campa\u00f1a. Juan Fernandez<\/p>\n\n\n\n<p>Tatuajes Propiedad Intelectual, Derechos de Autor Cecilia Vallejo<\/p>\n\n\n\n<p>El pensamiento liberal del fil\u00f3sofo ingles John Locke. Con Locke se consolida la tendencia filos\u00f3fica iniciada con el Humanismo en el Renacimiento, dejando defini- tivamente detr\u00e1s el oscurantismo medieval, dominado por la religi\u00f3n, que reduc\u00eda el concepto del individuo consagrando a Dios la totalidad de su existencia Juan Carlos Gomez de Castro<\/p>\n\n\n\n<p>VER REVISTA ONLINE\u00a0<a href=\"https:\/\/www.revistaportfolio.com\/?p=2410\">AQUI<\/a><\/p>\n","protected":false},"excerpt":{"rendered":"<p>VER REVISTA ONLINE\u00a0AQUI 2. Nota de tapa Bajar impuestos y gastos tributarios a la vez. En un mercado libre en el que el capital es globalmente m\u00f3vil, las \u201ccorporaciones ricas\u201d no pagan impuestos, sino que son los trabajadores y la sociedad en general ya que una menor recaudaci\u00f3n implica mayor endeudamiento del pa\u00eds. Reducir el [&hellip;]<\/p>\n","protected":false},"author":10,"featured_media":2412,"comment_status":"closed","ping_status":"open","sticky":false,"template":"","format":"standard","meta":[],"categories":[10],"tags":[],"_links":{"self":[{"href":"https:\/\/www.revistaportfolio.com\/index.php?rest_route=\/wp\/v2\/posts\/2411"}],"collection":[{"href":"https:\/\/www.revistaportfolio.com\/index.php?rest_route=\/wp\/v2\/posts"}],"about":[{"href":"https:\/\/www.revistaportfolio.com\/index.php?rest_route=\/wp\/v2\/types\/post"}],"author":[{"embeddable":true,"href":"https:\/\/www.revistaportfolio.com\/index.php?rest_route=\/wp\/v2\/users\/10"}],"replies":[{"embeddable":true,"href":"https:\/\/www.revistaportfolio.com\/index.php?rest_route=%2Fwp%2Fv2%2Fcomments&post=2411"}],"version-history":[{"count":1,"href":"https:\/\/www.revistaportfolio.com\/index.php?rest_route=\/wp\/v2\/posts\/2411\/revisions"}],"predecessor-version":[{"id":2415,"href":"https:\/\/www.revistaportfolio.com\/index.php?rest_route=\/wp\/v2\/posts\/2411\/revisions\/2415"}],"wp:featuredmedia":[{"embeddable":true,"href":"https:\/\/www.revistaportfolio.com\/index.php?rest_route=\/wp\/v2\/media\/2412"}],"wp:attachment":[{"href":"https:\/\/www.revistaportfolio.com\/index.php?rest_route=%2Fwp%2Fv2%2Fmedia&parent=2411"}],"wp:term":[{"taxonomy":"category","embeddable":true,"href":"https:\/\/www.revistaportfolio.com\/index.php?rest_route=%2Fwp%2Fv2%2Fcategories&post=2411"},{"taxonomy":"post_tag","embeddable":true,"href":"https:\/\/www.revistaportfolio.com\/index.php?rest_route=%2Fwp%2Fv2%2Ftags&post=2411"}],"curies":[{"name":"wp","href":"https:\/\/api.w.org\/{rel}","templated":true}]}}