{"id":2365,"date":"2023-12-11T10:39:19","date_gmt":"2023-12-11T13:39:19","guid":{"rendered":"https:\/\/www.revistaportfolio.com\/?p=2365"},"modified":"2023-12-11T10:39:20","modified_gmt":"2023-12-11T13:39:20","slug":"revista-122","status":"publish","type":"post","link":"https:\/\/www.revistaportfolio.com\/?p=2365","title":{"rendered":"Revista 122"},"content":{"rendered":"\n<p>VER REVISTA ONLINE\u00a0<a href=\"https:\/\/www.revistaportfolio.com\/?p=2366\">AQUI<\/a><\/p>\n\n\n\n<p>2. Nota de tapa<\/p>\n\n\n\n<p>Pesificaci\u00f3n: una costosa estrategia: compromete la capacidad de competir al pa\u00eds y el crecimiento de la econom\u00eda queda librado a que aumenten los precios de los commodities o que los vecinos implementen pol\u00edticas que hagan apreciar sus monedas y nos produzcan un shock de demanda. Juan Carlos Protasi<\/p>\n\n\n\n<p>Empresarios prev\u00e9n recuperaci\u00f3n de la econom\u00eda en 2024 aunque con incertidumbres. Entrevista Por Vic- toria Mujica<\/p>\n\n\n\n<p>8. Econom\u00eda y Pol\u00edtica<\/p>\n\n\n\n<p>Aterrizaje suave y probable baja de tasas por la Fed: la econom\u00eda norteamericana se enfr\u00eda, hay menos contrataciones y ventas minoristas no aumentan en estaci\u00f3n navide\u00f1a. Tasas de inter\u00e9s largas menores a tasas cortas pronostican recesi\u00f3n. Es probable que la Fed baje tasas en Mayo seg\u00fan CME Group.<\/p>\n\n\n\n<p>Se puede estimar en 3,7% del PBI de ahorro en el d\u00e9ficit p\u00fablico: suprimiendo ineficiencias en determinadas \u00e1reas cr\u00edticas. Entrevista a Alberto Sayagues<\/p>\n\n\n\n<p>La vaca les gana: pol\u00edticamente resulta mas astuto actuar por elevaci\u00f3n, presionando el agro de pa\u00edses en v\u00edas de desarrollo a trav\u00e9s de exigencias ambienta- les que no se les imponen en absoluto a los grandes contaminantes como China. Por Luis Romero Alvarez<\/p>\n\n\n\n<p>Argentina se pone de pie con Milei: el hecho de que si Milei logra bajar el d\u00e9ficit, la inflaci\u00f3n y generar gradualmente confianza, mejorar\u00e1 la competitividad de Uruguay y nuestra econom\u00eda recibir\u00e1 un impacto positivo.<\/p>\n\n\n\n<p>Sucedi\u00f3 en pol\u00edtica: Principales hechos que pautaron el bimestre Octubre-Noviembre.<\/p>\n\n\n\n<p>Sucedi\u00f3 en la econom\u00eda: Principales hechos que suce- dieron en el bimestre Octubre-Noviembre.<\/p>\n\n\n\n<p>21. Mercados Financieros<\/p>\n\n\n\n<p>Mercados internacionales: Prev\u00e9n desempe\u00f1o incierto para mercados accionarios en 2024. Algunos de los principales bancos de inversi\u00f3n difieren sobre la evolu- ci\u00f3n futura de las acciones, en un contexto en el que las tasas de inter\u00e9s permanecer\u00e1n altas y donde persiste el riesgo de recesi\u00f3n. Baja tasa a 10 a\u00f1os y suben bonos globales de Uruguay<\/p>\n\n\n\n<p>24. Finanzas Personales<\/p>\n\n\n\n<p>Una simpl\u00edsima estrategia trend-following. Recordar que si una esta actividad produce stress, significa que no es adecuada para uno. Carlo Graziani<\/p>\n\n\n\n<p>Animarse a emprender requiere an\u00e1lisis y acierto en decisiones. Fabi\u00e1n Villella<\/p>\n\n\n\n<p>Elabora un presupuesto y pon en orden tus finanzas. Tener un presupuesto, ya sea que vivas solo o en fami- lia, es importante para comenzar a mejorar la relaci\u00f3n con tu bolsillo.<\/p>\n\n\n\n<p>33. Econom\u00eda Real<\/p>\n\n\n\n<p>La vivienda: \u00bfconsumo o inversi\u00f3n? En un contexto de disminuci\u00f3n de demanda por motivo inversi\u00f3n y con un precio de la vivienda \u201cbarato\u201d en t\u00e9rminos hist\u00f3ricos, el 2024 seguramente se presentar\u00e1 como el a\u00f1o de la demanda inmobiliaria con destino al consumo final, donde en muchos casos las compraventas sustituir\u00e1n contratos de alquiler existentes. Mayid Sader Neffa<\/p>\n\n\n\n<p>Inversi\u00f3n Inmobiliaria: Mercado estancado por debili- dad de la demanda<\/p>\n\n\n\n<p>\u201cLos argentinos comienzan a movilizarse a su pa\u00eds por un menor costo de vida y oportunidades de inversi\u00f3n\u201d Entrevista a Juan Carlos Sorhobigarat<\/p>\n\n\n\n<p>42. Agenda Privada<\/p>\n\n\n\n<p>Crack del modelo totalitario cubano: Conclusiones. Juan Fern\u00e1ndez<\/p>\n\n\n\n<p>Perspectivas de cambios y conflictos afectan al reino de Espa\u00f1a. Juan Carlos Gomez de Castro<\/p>\n\n\n\n<p>Marca quechua. Desde los Alpes Franceses. Cecilia Vallejo<\/p>\n\n\n\n<p><\/p>\n\n\n\n<p>VER REVISTA ONLINE\u00a0<a href=\"https:\/\/www.revistaportfolio.com\/?p=2366\">AQUI<\/a><\/p>\n","protected":false},"excerpt":{"rendered":"<p>VER REVISTA ONLINE\u00a0AQUI 2. Nota de tapa Pesificaci\u00f3n: una costosa estrategia: compromete la capacidad de competir al pa\u00eds y el crecimiento de la econom\u00eda queda librado a que aumenten los precios de los commodities o que los vecinos implementen pol\u00edticas que hagan apreciar sus monedas y nos produzcan un shock de demanda. Juan Carlos Protasi [&hellip;]<\/p>\n","protected":false},"author":10,"featured_media":2369,"comment_status":"closed","ping_status":"open","sticky":false,"template":"","format":"standard","meta":[],"categories":[10],"tags":[],"_links":{"self":[{"href":"https:\/\/www.revistaportfolio.com\/index.php?rest_route=\/wp\/v2\/posts\/2365"}],"collection":[{"href":"https:\/\/www.revistaportfolio.com\/index.php?rest_route=\/wp\/v2\/posts"}],"about":[{"href":"https:\/\/www.revistaportfolio.com\/index.php?rest_route=\/wp\/v2\/types\/post"}],"author":[{"embeddable":true,"href":"https:\/\/www.revistaportfolio.com\/index.php?rest_route=\/wp\/v2\/users\/10"}],"replies":[{"embeddable":true,"href":"https:\/\/www.revistaportfolio.com\/index.php?rest_route=%2Fwp%2Fv2%2Fcomments&post=2365"}],"version-history":[{"count":1,"href":"https:\/\/www.revistaportfolio.com\/index.php?rest_route=\/wp\/v2\/posts\/2365\/revisions"}],"predecessor-version":[{"id":2372,"href":"https:\/\/www.revistaportfolio.com\/index.php?rest_route=\/wp\/v2\/posts\/2365\/revisions\/2372"}],"wp:featuredmedia":[{"embeddable":true,"href":"https:\/\/www.revistaportfolio.com\/index.php?rest_route=\/wp\/v2\/media\/2369"}],"wp:attachment":[{"href":"https:\/\/www.revistaportfolio.com\/index.php?rest_route=%2Fwp%2Fv2%2Fmedia&parent=2365"}],"wp:term":[{"taxonomy":"category","embeddable":true,"href":"https:\/\/www.revistaportfolio.com\/index.php?rest_route=%2Fwp%2Fv2%2Fcategories&post=2365"},{"taxonomy":"post_tag","embeddable":true,"href":"https:\/\/www.revistaportfolio.com\/index.php?rest_route=%2Fwp%2Fv2%2Ftags&post=2365"}],"curies":[{"name":"wp","href":"https:\/\/api.w.org\/{rel}","templated":true}]}}